{"id":1752,"date":"2023-07-10T08:37:44","date_gmt":"2023-07-10T08:37:44","guid":{"rendered":"https:\/\/www.cjacobluthier.com\/?p=1752"},"modified":"2024-01-22T22:03:09","modified_gmt":"2024-01-22T22:03:09","slug":"candido-jacob-guitarras-unicas-e-personalizadas-entrevista-para-a-magnetica-magazine","status":"publish","type":"post","link":"https:\/\/www.cjacobluthier.com\/pt-pt\/candido-jacob-guitarras-unicas-e-personalizadas-entrevista-para-a-magnetica-magazine\/","title":{"rendered":"C\u00c2NDIDO JACOB: GUITARRAS \u00daNICAS E PERSONALIZADAS<\/br>entrevista para a Magn\u00e9tica Magazine"},"content":{"rendered":"<div class=\"entry-content\">\n<p><strong>C\u00e2ndido Jacob sempre foi fascinado pela m\u00fasica e foi um problema na guitarra que o fez dedicar-se \u00e0 pesquisa sobre a sua reconstru\u00e7\u00e3o e arranjo. Em 2011 teve o seu primeiro contato com a constru\u00e7\u00e3o de instrumentos, seguiu para Paris e hoje em dia dedica todo o seu tempo \u00e0s guitarras.<\/strong><\/p>\n<p>&nbsp;<\/p>\n<p><strong>C\u00e2ndido, como e quando surgiu a paix\u00e3o pela m\u00fasica? O que o levou a querer criar instrumentos de cordas?<\/strong><\/p>\n<p>N\u00e3o sei exactamente quando surgiu uma paix\u00e3o pela m\u00fasica. Creio que desde sempre que sou apaixonado por melodia e ritmo. Para complementar o gosto pela musica, o meu pai inscreveu-me numa escola de m\u00fasica quando tinha 7 anos para aprender teclado e a partir desse momento a m\u00fasica tornou-se parte do meu dia-a-dia.<\/p>\n<p>Sempre tive curiosidade em saber como s\u00e3o constru\u00eddas e como funcionam as guitarras ac\u00fasticas, no entanto, nunca tinha feito nenhum tipo de interven\u00e7\u00e3o, al\u00e9m de mudar cordas de vez em quando. No momento em que tive um problema estrutural na minha guitarra e n\u00e3o sabia como resolv\u00ea-lo, pus-me a pesquisar sobre constru\u00e7\u00e3o e repara\u00e7\u00e3o de guitarras, comecei a comprar livros, a ver v\u00eddeos e a tirar notas sobre constru\u00e7\u00e3o. Quando dei por mim estava a despedir-me do meu trabalho para me dedicar \u00e0 constru\u00e7\u00e3o de guitarras.<\/p>\n<p>&nbsp;<\/p>\n<p><strong>Como aprendeu esta arte? H\u00e1 quanto tempo trabalha na cria\u00e7\u00e3o de instrumentos?<\/strong><\/p>\n<p>Comecei a minha aprendizagem na oficina do Fernando Meireles, em Coimbra, entre 2011 e 2012. Foi na sua oficina que tive o primeiro contato com a constru\u00e7\u00e3o de instrumentos. Aqui aprendi diversas t\u00e9cnicas ancestrais para trabalhar os materiais (madeira, osso, etc.) e para fazer a minha pr\u00f3pria cola e verniz, elementos que por si ajudam a tornar o instrumento mais rico, tanto a n\u00edvel sonoro como est\u00e9tico! Entre 2012 e 2013 fui para Paris e passei quatro meses na oficina do Luthier Ludovic Barrier, onde aprendi outro tipo de constru\u00e7\u00e3o (guitarras Archtop) que acabou por complementar a aprendizagem inicial. No ver\u00e3o de 2013 decidi aventurar-me e seguir este caminho sozinho.<\/p>\n<p>&nbsp;<\/p>\n<p><strong>S\u00e3o v\u00e1rios os instrumentos de cordas. Est\u00e1 dedicado a algum deles em especial? Porqu\u00ea a prefer\u00eancia?<\/strong><\/p>\n<p>A minha actividade como construtor \u00e9 direcionada maioritariamente para a constru\u00e7\u00e3o de guitarras ac\u00fasticas de cordas de a\u00e7o, guitarras estreitamente relacionadas com o Blues e o Folk! A prefer\u00eancia por este g\u00e9nero de guitarra talvez seja explicada pela paix\u00e3o e admira\u00e7\u00e3o que tenho pela sonoridade, talvez por ser a sonoridade que sempre me cativou, ou talvez porque \u00e9 a guitarra que mais gosto de tocar! Dentro desta sonoridade, construo tamb\u00e9m guitarras do estilo Weissenborn (lapsteel ac\u00fasticas) que s\u00e3o conhecidas pela sua peculiar sonoridade e bastante popularizadas pelo Ben Harper.<\/p>\n<p>Ocasionalmente tamb\u00e9m vou construindo outro tipo de guitarras ac\u00fasticas (guitarras cl\u00e1ssicas, cigar-box guitar), dependendo do projecto e desafio que me forem apresentados.<\/p>\n<p>&nbsp;<\/p>\n<p><strong>\u00c9 poss\u00edvel explicar o processo de cria\u00e7\u00e3o de um instrumento de cordas? Quanto tempo demora?<\/strong><\/p>\n<p>Claro que sim! Sintetizando um pouco o processo: tudo come\u00e7a pela elabora\u00e7\u00e3o de um desenho\/plano do instrumento. Aqui v\u00e3o-se estipular as suas dimens\u00f5es (comprimento, largura e altura), a dimens\u00e3o da escala, alguns detalhes est\u00e9ticos que v\u00e3o fazer do instrumento uma pe\u00e7a \u00fanica. Depois v\u00e3o ser escolhidas as madeiras, que diferem consoante o tipo de som que queremos no instrumento. Depois \u00e9 tudo uma quest\u00e3o de destreza, paci\u00eancia, simetria, ouvido e sentido est\u00e9tico. A caixa do instrumento \u00e9 toda \u201cmontada\u201d, ap\u00f3s dobrar a calor as ilhargas e colar e esculpir as barras harm\u00f3nicas do tampo e do fundo da caixa! O bra\u00e7o, depois de esculpido, \u00e9 encaixado na caixa. Depois de colada a escala e colocados os trastes, a guitarra \u00e9 toda lixada at\u00e9 ficar sem imperfei\u00e7\u00f5es e suave ao toque. \u00c9 envernizada \u00e0 \u201cboneca\u201d (processo de envernizamento artesanal, que demora alguns dias) com um verniz de fabrico pr\u00f3prio, colado o cavalete, instalados os afinadores, feitas as pestanas em osso e as cordas. O \u00faltimo processo \u00e9 mesmo o de p\u00f4r a guitarra confort\u00e1vel e macia quando tocada, sem nenhum tipo de ru\u00eddos parasitas, com um bom timbre e um bom \u201csustain\u201d.<\/p>\n<p>Esta breve descri\u00e7\u00e3o faz parecer o processo de constru\u00e7\u00e3o de uma guitarra f\u00e1cil, mas \u00e9 bastante mais complicado e demoro cerca de dois meses desde a elabora\u00e7\u00e3o do desenho e molde da guitarra at\u00e9 instalar as cordas e t\u00ea-la a tocar!<\/p>\n<p><strong>Existe algo que identifique uma pe\u00e7a feita por Candido Jacob?<\/strong><\/p>\n<p>Creio que \u00e0 primeira vista, uma guitarra que \u00e9 constru\u00edda artesanalmente se destaca de outra que \u00e9 feita em s\u00e9rie, em f\u00e1brica. As minhas destacam-se pelas formas e tamanhos (guitarras de pequeno e m\u00e9dio formato), pelo tipo de acabamento (goma-laca\/\u00f3leo) e pela minha assinatura: assino, com um carimbo a quente, o meu logotipo numa chapa de madeira que \u00e9 colada no fundo da guitarra, onde \u00e9 vis\u00edvel atrav\u00e9s da boca do instrumento. Claro, a guitarra tamb\u00e9m leva a data e a minha assinatura no tampo (vis\u00edveis com um pequeno espelho) mas o resultado do carimbo nunca \u00e9 igual, simbolizando a unicidade de cada guitarra que construo!<\/p>\n<p>&nbsp;<\/p>\n<p><strong>Quem costuma encomendar instrumentos de cordas? Algum trabalho mais especial pelo processo de trabalho ou pela pessoa em quest\u00e3o?<\/strong><\/p>\n<p>As minhas guitarras s\u00e3o apreciadas por muitos m\u00fasicos que passam pela minha oficina! No entanto, quem acaba por encomendar uma guitarra \u00e9 quem procura uma guitarra \u00e0 sua medida, ao seu estilo, uma guitarra imaginada pelo pr\u00f3prio. \u00c9 quem procura um instrumento de concerto, com um som mais rico e mais complexo. E \u00e9 aqui que eu entro, que tento dar o som e a est\u00e9tica imaginados pelo cliente, ou mesmo superar a espectativas.<\/p>\n<p>Geralmente quem encomenda \u00e9 quem j\u00e1 tem algum conhecimento sobre a riqueza destes instrumentos constru\u00eddos \u00e0 m\u00e3o, de como s\u00e3o constru\u00eddos, e claro, quer ter um instrumento \u00fanico!<\/p>\n<p>N\u00e3o tenho nenhum trabalho que seja mais especial do que o outro. Mas procuro sempre superar os trabalhos anteriores com os trabalhos actuais\u2026e por a\u00ed sucessivamente! O intuito \u00e9 poder sempre melhorar e aprender com o tempo e com o processo de constru\u00e7\u00e3o de maneira a obter melhores resultados, tanto ac\u00fasticos como est\u00e9ticos! Por isso s\u00e3o todos muito especiais, pelas mais variadas raz\u00f5es.<\/p>\n<p>&nbsp;<\/p>\n<p><strong>Para al\u00e9m do fasc\u00ednio por este of\u00edcio, o que mais est\u00e1 nesta lista? Se n\u00e3o fosse Luthier, o que seria?\u00a0<\/strong><\/p>\n<p>Eu cada vez mais tenho a certeza que a minha op\u00e7\u00e3o de ter seguido este caminho foi a mais acertada. N\u00e3o mudaria de of\u00edcio e \u00e9 muito dif\u00edcil imaginar o que seria se n\u00e3o fosse Luthier, mas se tivesse que imaginar, seguramente teria algum trabalho relacionado com a musica e os instrumentos\u2026sempre tive uma grande admira\u00e7\u00e3o e fasc\u00ednio pelo processo de afina\u00e7\u00e3o de pianos.<\/p>\n<p>&nbsp;<\/p>\n<p><strong>Uma pessoa para quem gostasse de criar um instrumento de cordas?<\/strong><\/p>\n<p>\u00c9 um pouco dif\u00edcil dizer para quem gostaria de construir uma guitarra, at\u00e9 porque foram muitos os m\u00fasicos que me influenciaram durante toda a minha vida e s\u00e3o muitos os m\u00fasicos actuais que continuam a exercer uma forte influ\u00eancia no que fa\u00e7o. Embora imposs\u00edvel, eu gostava de ter constru\u00eddo uma guitarra para o Nick Drake e o Elliott Smith. Tamb\u00e9m gostaria de construir uma Weissenborn para o Ben Harper j\u00e1 que foi com ele que tive um primeiro \u201ccontacto\u201d com a sonoridade da Weissenborn. Estes, entre muitos, s\u00e3o uma constante influ\u00eancia e a sua m\u00fasica tem-me acompanhado ao longo da vida e da minha actividade como construtor.<\/p>\n<p>Entrevista: Ana Suzel<br \/>\nFotografias: Direitos Reservados Candido Jacob e Peter Forest<\/p>\n<\/div>\n<div class=\"tags-wrap \"><\/div>\n","protected":false},"excerpt":{"rendered":"<p>C\u00e2ndido Jacob sempre foi fascinado pela m\u00fasica e foi um problema na guitarra que o fez dedicar-se \u00e0 pesquisa sobre a sua reconstru\u00e7\u00e3o e arranjo.<\/p>\n","protected":false},"author":2,"featured_media":1777,"comment_status":"open","ping_status":"open","sticky":false,"template":"","format":"standard","meta":{"footnotes":""},"categories":[32,19],"tags":[],"yoast_head":"<!-- This site is optimized with the Yoast SEO plugin v23.5 - https:\/\/yoast.com\/wordpress\/plugins\/seo\/ -->\n<title>C\u00c2NDIDO JACOB: GUITARRAS \u00daNICAS E PERSONALIZADASentrevista para a Magn\u00e9tica Magazine - C\u00e2ndido Jacob Luthier<\/title>\n<meta name=\"robots\" content=\"index, follow, max-snippet:-1, max-image-preview:large, max-video-preview:-1\" \/>\n<link rel=\"canonical\" href=\"https:\/\/www.cjacobluthier.com\/pt-pt\/candido-jacob-guitarras-unicas-e-personalizadas-entrevista-para-a-magnetica-magazine\/\" \/>\n<meta property=\"og:locale\" content=\"pt_PT\" \/>\n<meta property=\"og:type\" content=\"article\" \/>\n<meta property=\"og:title\" content=\"C\u00c2NDIDO JACOB: GUITARRAS \u00daNICAS E PERSONALIZADASentrevista para a Magn\u00e9tica Magazine - C\u00e2ndido Jacob Luthier\" \/>\n<meta property=\"og:description\" content=\"C\u00e2ndido Jacob sempre foi fascinado pela m\u00fasica e foi um problema na guitarra que o fez dedicar-se \u00e0 pesquisa sobre a sua reconstru\u00e7\u00e3o e arranjo.\" \/>\n<meta property=\"og:url\" content=\"https:\/\/www.cjacobluthier.com\/pt-pt\/candido-jacob-guitarras-unicas-e-personalizadas-entrevista-para-a-magnetica-magazine\/\" \/>\n<meta property=\"og:site_name\" content=\"C\u00e2ndido Jacob Luthier\" \/>\n<meta property=\"article:publisher\" content=\"https:\/\/www.facebook.com\/CJacobLuthier\" \/>\n<meta property=\"article:published_time\" content=\"2023-07-10T08:37:44+00:00\" \/>\n<meta property=\"article:modified_time\" content=\"2024-01-22T22:03:09+00:00\" \/>\n<meta property=\"og:image\" content=\"https:\/\/www.cjacobluthier.com\/wp-content\/uploads\/2016\/01\/candido-jacob-luthier-02.jpg\" \/>\n\t<meta property=\"og:image:width\" content=\"1920\" \/>\n\t<meta property=\"og:image:height\" content=\"1080\" \/>\n\t<meta property=\"og:image:type\" content=\"image\/jpeg\" \/>\n<meta name=\"author\" content=\"Admin\" \/>\n<meta name=\"twitter:card\" content=\"summary_large_image\" \/>\n<meta name=\"twitter:label1\" content=\"Escrito por\" \/>\n\t<meta name=\"twitter:data1\" content=\"Admin\" \/>\n\t<meta name=\"twitter:label2\" content=\"Tempo estimado de leitura\" \/>\n\t<meta name=\"twitter:data2\" content=\"6 minutos\" \/>\n<script type=\"application\/ld+json\" class=\"yoast-schema-graph\">{\"@context\":\"https:\/\/schema.org\",\"@graph\":[{\"@type\":\"WebPage\",\"@id\":\"https:\/\/www.cjacobluthier.com\/pt-pt\/candido-jacob-guitarras-unicas-e-personalizadas-entrevista-para-a-magnetica-magazine\/\",\"url\":\"https:\/\/www.cjacobluthier.com\/pt-pt\/candido-jacob-guitarras-unicas-e-personalizadas-entrevista-para-a-magnetica-magazine\/\",\"name\":\"C\u00c2NDIDO JACOB: GUITARRAS \u00daNICAS E PERSONALIZADASentrevista para a Magn\u00e9tica Magazine - C\u00e2ndido Jacob Luthier\",\"isPartOf\":{\"@id\":\"https:\/\/www.cjacobluthier.com\/#website\"},\"primaryImageOfPage\":{\"@id\":\"https:\/\/www.cjacobluthier.com\/pt-pt\/candido-jacob-guitarras-unicas-e-personalizadas-entrevista-para-a-magnetica-magazine\/#primaryimage\"},\"image\":{\"@id\":\"https:\/\/www.cjacobluthier.com\/pt-pt\/candido-jacob-guitarras-unicas-e-personalizadas-entrevista-para-a-magnetica-magazine\/#primaryimage\"},\"thumbnailUrl\":\"https:\/\/www.cjacobluthier.com\/wp-content\/uploads\/2016\/01\/candido-jacob-luthier-02.jpg\",\"datePublished\":\"2023-07-10T08:37:44+00:00\",\"dateModified\":\"2024-01-22T22:03:09+00:00\",\"author\":{\"@id\":\"https:\/\/www.cjacobluthier.com\/#\/schema\/person\/a9960b8b9b8767f20ed1c0dc14cc5a6e\"},\"breadcrumb\":{\"@id\":\"https:\/\/www.cjacobluthier.com\/pt-pt\/candido-jacob-guitarras-unicas-e-personalizadas-entrevista-para-a-magnetica-magazine\/#breadcrumb\"},\"inLanguage\":\"pt-PT\",\"potentialAction\":[{\"@type\":\"ReadAction\",\"target\":[\"https:\/\/www.cjacobluthier.com\/pt-pt\/candido-jacob-guitarras-unicas-e-personalizadas-entrevista-para-a-magnetica-magazine\/\"]}]},{\"@type\":\"ImageObject\",\"inLanguage\":\"pt-PT\",\"@id\":\"https:\/\/www.cjacobluthier.com\/pt-pt\/candido-jacob-guitarras-unicas-e-personalizadas-entrevista-para-a-magnetica-magazine\/#primaryimage\",\"url\":\"https:\/\/www.cjacobluthier.com\/wp-content\/uploads\/2016\/01\/candido-jacob-luthier-02.jpg\",\"contentUrl\":\"https:\/\/www.cjacobluthier.com\/wp-content\/uploads\/2016\/01\/candido-jacob-luthier-02.jpg\",\"width\":1920,\"height\":1080},{\"@type\":\"BreadcrumbList\",\"@id\":\"https:\/\/www.cjacobluthier.com\/pt-pt\/candido-jacob-guitarras-unicas-e-personalizadas-entrevista-para-a-magnetica-magazine\/#breadcrumb\",\"itemListElement\":[{\"@type\":\"ListItem\",\"position\":1,\"name\":\"Home\",\"item\":\"https:\/\/www.cjacobluthier.com\/pt-pt\/\"},{\"@type\":\"ListItem\",\"position\":2,\"name\":\"C\u00c2NDIDO JACOB: GUITARRAS \u00daNICAS E PERSONALIZADASentrevista para a Magn\u00e9tica Magazine\"}]},{\"@type\":\"WebSite\",\"@id\":\"https:\/\/www.cjacobluthier.com\/#website\",\"url\":\"https:\/\/www.cjacobluthier.com\/\",\"name\":\"C\u00e2ndido Jacob Luthier\",\"description\":\"Custom Guitars\",\"potentialAction\":[{\"@type\":\"SearchAction\",\"target\":{\"@type\":\"EntryPoint\",\"urlTemplate\":\"https:\/\/www.cjacobluthier.com\/?s={search_term_string}\"},\"query-input\":{\"@type\":\"PropertyValueSpecification\",\"valueRequired\":true,\"valueName\":\"search_term_string\"}}],\"inLanguage\":\"pt-PT\"},{\"@type\":\"Person\",\"@id\":\"https:\/\/www.cjacobluthier.com\/#\/schema\/person\/a9960b8b9b8767f20ed1c0dc14cc5a6e\",\"name\":\"Admin\",\"image\":{\"@type\":\"ImageObject\",\"inLanguage\":\"pt-PT\",\"@id\":\"https:\/\/www.cjacobluthier.com\/#\/schema\/person\/image\/\",\"url\":\"https:\/\/secure.gravatar.com\/avatar\/68ab40c3965032646aa1fe4bf7b8a6e3?s=96&d=mm&r=g\",\"contentUrl\":\"https:\/\/secure.gravatar.com\/avatar\/68ab40c3965032646aa1fe4bf7b8a6e3?s=96&d=mm&r=g\",\"caption\":\"Admin\"},\"url\":\"https:\/\/www.cjacobluthier.com\/pt-pt\/author\/admin-2\/\"}]}<\/script>\n<!-- \/ Yoast SEO plugin. -->","yoast_head_json":{"title":"C\u00c2NDIDO JACOB: GUITARRAS \u00daNICAS E PERSONALIZADASentrevista para a Magn\u00e9tica Magazine - C\u00e2ndido Jacob Luthier","robots":{"index":"index","follow":"follow","max-snippet":"max-snippet:-1","max-image-preview":"max-image-preview:large","max-video-preview":"max-video-preview:-1"},"canonical":"https:\/\/www.cjacobluthier.com\/pt-pt\/candido-jacob-guitarras-unicas-e-personalizadas-entrevista-para-a-magnetica-magazine\/","og_locale":"pt_PT","og_type":"article","og_title":"C\u00c2NDIDO JACOB: GUITARRAS \u00daNICAS E PERSONALIZADASentrevista para a Magn\u00e9tica Magazine - C\u00e2ndido Jacob Luthier","og_description":"C\u00e2ndido Jacob sempre foi fascinado pela m\u00fasica e foi um problema na guitarra que o fez dedicar-se \u00e0 pesquisa sobre a sua reconstru\u00e7\u00e3o e arranjo.","og_url":"https:\/\/www.cjacobluthier.com\/pt-pt\/candido-jacob-guitarras-unicas-e-personalizadas-entrevista-para-a-magnetica-magazine\/","og_site_name":"C\u00e2ndido Jacob Luthier","article_publisher":"https:\/\/www.facebook.com\/CJacobLuthier","article_published_time":"2023-07-10T08:37:44+00:00","article_modified_time":"2024-01-22T22:03:09+00:00","og_image":[{"width":1920,"height":1080,"url":"https:\/\/www.cjacobluthier.com\/wp-content\/uploads\/2016\/01\/candido-jacob-luthier-02.jpg","type":"image\/jpeg"}],"author":"Admin","twitter_card":"summary_large_image","twitter_misc":{"Escrito por":"Admin","Tempo estimado de leitura":"6 minutos"},"schema":{"@context":"https:\/\/schema.org","@graph":[{"@type":"WebPage","@id":"https:\/\/www.cjacobluthier.com\/pt-pt\/candido-jacob-guitarras-unicas-e-personalizadas-entrevista-para-a-magnetica-magazine\/","url":"https:\/\/www.cjacobluthier.com\/pt-pt\/candido-jacob-guitarras-unicas-e-personalizadas-entrevista-para-a-magnetica-magazine\/","name":"C\u00c2NDIDO JACOB: GUITARRAS \u00daNICAS E PERSONALIZADASentrevista para a Magn\u00e9tica Magazine - C\u00e2ndido Jacob Luthier","isPartOf":{"@id":"https:\/\/www.cjacobluthier.com\/#website"},"primaryImageOfPage":{"@id":"https:\/\/www.cjacobluthier.com\/pt-pt\/candido-jacob-guitarras-unicas-e-personalizadas-entrevista-para-a-magnetica-magazine\/#primaryimage"},"image":{"@id":"https:\/\/www.cjacobluthier.com\/pt-pt\/candido-jacob-guitarras-unicas-e-personalizadas-entrevista-para-a-magnetica-magazine\/#primaryimage"},"thumbnailUrl":"https:\/\/www.cjacobluthier.com\/wp-content\/uploads\/2016\/01\/candido-jacob-luthier-02.jpg","datePublished":"2023-07-10T08:37:44+00:00","dateModified":"2024-01-22T22:03:09+00:00","author":{"@id":"https:\/\/www.cjacobluthier.com\/#\/schema\/person\/a9960b8b9b8767f20ed1c0dc14cc5a6e"},"breadcrumb":{"@id":"https:\/\/www.cjacobluthier.com\/pt-pt\/candido-jacob-guitarras-unicas-e-personalizadas-entrevista-para-a-magnetica-magazine\/#breadcrumb"},"inLanguage":"pt-PT","potentialAction":[{"@type":"ReadAction","target":["https:\/\/www.cjacobluthier.com\/pt-pt\/candido-jacob-guitarras-unicas-e-personalizadas-entrevista-para-a-magnetica-magazine\/"]}]},{"@type":"ImageObject","inLanguage":"pt-PT","@id":"https:\/\/www.cjacobluthier.com\/pt-pt\/candido-jacob-guitarras-unicas-e-personalizadas-entrevista-para-a-magnetica-magazine\/#primaryimage","url":"https:\/\/www.cjacobluthier.com\/wp-content\/uploads\/2016\/01\/candido-jacob-luthier-02.jpg","contentUrl":"https:\/\/www.cjacobluthier.com\/wp-content\/uploads\/2016\/01\/candido-jacob-luthier-02.jpg","width":1920,"height":1080},{"@type":"BreadcrumbList","@id":"https:\/\/www.cjacobluthier.com\/pt-pt\/candido-jacob-guitarras-unicas-e-personalizadas-entrevista-para-a-magnetica-magazine\/#breadcrumb","itemListElement":[{"@type":"ListItem","position":1,"name":"Home","item":"https:\/\/www.cjacobluthier.com\/pt-pt\/"},{"@type":"ListItem","position":2,"name":"C\u00c2NDIDO JACOB: GUITARRAS \u00daNICAS E PERSONALIZADASentrevista para a Magn\u00e9tica Magazine"}]},{"@type":"WebSite","@id":"https:\/\/www.cjacobluthier.com\/#website","url":"https:\/\/www.cjacobluthier.com\/","name":"C\u00e2ndido Jacob Luthier","description":"Custom Guitars","potentialAction":[{"@type":"SearchAction","target":{"@type":"EntryPoint","urlTemplate":"https:\/\/www.cjacobluthier.com\/?s={search_term_string}"},"query-input":{"@type":"PropertyValueSpecification","valueRequired":true,"valueName":"search_term_string"}}],"inLanguage":"pt-PT"},{"@type":"Person","@id":"https:\/\/www.cjacobluthier.com\/#\/schema\/person\/a9960b8b9b8767f20ed1c0dc14cc5a6e","name":"Admin","image":{"@type":"ImageObject","inLanguage":"pt-PT","@id":"https:\/\/www.cjacobluthier.com\/#\/schema\/person\/image\/","url":"https:\/\/secure.gravatar.com\/avatar\/68ab40c3965032646aa1fe4bf7b8a6e3?s=96&d=mm&r=g","contentUrl":"https:\/\/secure.gravatar.com\/avatar\/68ab40c3965032646aa1fe4bf7b8a6e3?s=96&d=mm&r=g","caption":"Admin"},"url":"https:\/\/www.cjacobluthier.com\/pt-pt\/author\/admin-2\/"}]}},"_links":{"self":[{"href":"https:\/\/www.cjacobluthier.com\/pt-pt\/wp-json\/wp\/v2\/posts\/1752"}],"collection":[{"href":"https:\/\/www.cjacobluthier.com\/pt-pt\/wp-json\/wp\/v2\/posts"}],"about":[{"href":"https:\/\/www.cjacobluthier.com\/pt-pt\/wp-json\/wp\/v2\/types\/post"}],"author":[{"embeddable":true,"href":"https:\/\/www.cjacobluthier.com\/pt-pt\/wp-json\/wp\/v2\/users\/2"}],"replies":[{"embeddable":true,"href":"https:\/\/www.cjacobluthier.com\/pt-pt\/wp-json\/wp\/v2\/comments?post=1752"}],"version-history":[{"count":8,"href":"https:\/\/www.cjacobluthier.com\/pt-pt\/wp-json\/wp\/v2\/posts\/1752\/revisions"}],"predecessor-version":[{"id":2274,"href":"https:\/\/www.cjacobluthier.com\/pt-pt\/wp-json\/wp\/v2\/posts\/1752\/revisions\/2274"}],"wp:featuredmedia":[{"embeddable":true,"href":"https:\/\/www.cjacobluthier.com\/pt-pt\/wp-json\/wp\/v2\/media\/1777"}],"wp:attachment":[{"href":"https:\/\/www.cjacobluthier.com\/pt-pt\/wp-json\/wp\/v2\/media?parent=1752"}],"wp:term":[{"taxonomy":"category","embeddable":true,"href":"https:\/\/www.cjacobluthier.com\/pt-pt\/wp-json\/wp\/v2\/categories?post=1752"},{"taxonomy":"post_tag","embeddable":true,"href":"https:\/\/www.cjacobluthier.com\/pt-pt\/wp-json\/wp\/v2\/tags?post=1752"}],"curies":[{"name":"wp","href":"https:\/\/api.w.org\/{rel}","templated":true}]}}